{"id":2107,"date":"2010-02-23T00:00:36","date_gmt":"2010-02-22T23:00:36","guid":{"rendered":"http:\/\/www.apuntesdelengua.com\/blog\/?p=2107"},"modified":"2010-02-22T18:04:55","modified_gmt":"2010-02-22T17:04:55","slug":"podcast-hernandiano-el-pez-mas-viejo-del-rio","status":"publish","type":"post","link":"http:\/\/www.apuntesdelengua.com\/blog\/podcast-hernandiano-el-pez-mas-viejo-del-rio\/","title":{"rendered":"Podcast hernandiano: El pez m\u00e1s viejo del r\u00edo"},"content":{"rendered":"<div style=\"width: 348px\" class=\"wp-caption alignleft\"><a href=\"http:\/\/farm4.static.flickr.com\/3445\/3260147712_0e4946b805_b.jpg\"><img loading=\"lazy\" src=\"http:\/\/farm4.static.flickr.com\/3445\/3260147712_0e4946b805_b.jpg\" alt=\"\" width=\"338\" height=\"229\" \/><\/a><p class=\"wp-caption-text\">Fuente: Ronaldo F Cabuhat<\/p><\/div>\n<p style=\"text-align: justify;\">\n<p style=\"text-align: justify;\"><span style=\"font-family: 'Century Gothic';\"><span style=\"font-size: medium;\">Seguimos con nuestro particular homenaje a Miguel Hern\u00e1ndez con un nuevo podcast. Con el poema que hoy presentamos, <em>el pez m\u00e1s viejo del r\u00edo<\/em>, Miguel Hern\u00e1ndez da rienda suelta a la concepci\u00f3n metaf\u00f3rica del paso del tiempo, de la vida y de la muerte, del principio y del fin.<\/span><\/span><\/p>\n<p style=\"text-align: justify;\">Eduardo Fern\u00e1ndez, alumno de 1\u00ba ESO es el encargado de ponerle voz a tan singular poema, en el que se hace un balance del paso del tiempo, de la vida y de la muerte.<\/p>\n<p style=\"text-align: justify;\"><a href=\"http:\/\/elpezmasviejodelrio.blogspot.com\/2007\/06\/un-poema.html\" target=\"_blank\"><img loading=\"lazy\" src=\"http:\/\/www.fotosearch.com\/bthumb\/CSP\/CSP002\/k0028926.jpg\" alt=\"\" width=\"34\" height=\"34\" align=\"absMiddle\" \/><strong><span style=\"color: #008000;\">Pulsa sobre este enlace para conocer la historia que llev\u00f3 a Miguel Hern\u00e1ndez a escribir este poema.<\/span><\/strong><\/a><\/p>\n<p style=\"text-align: justify;\"><a href=\"http:\/\/periodistasdegetafe.blogspot.com\/2008\/06\/el-pez-ms-viejo-del-ro.html\" target=\"_blank\"><img loading=\"lazy\" src=\"http:\/\/www.fotosearch.com\/bthumb\/CSP\/CSP002\/k0028926.jpg\" alt=\"\" width=\"34\" height=\"34\" align=\"absMiddle\" \/><strong><span style=\"color: #008000;\">Texto del poema.<\/span><\/strong><\/a><\/p>\n<p style=\"text-align: center;\">Veamos una versi\u00f3n musicalizada de este poema:<\/p>\n<p style=\"text-align: center;\">httpv:\/\/www.youtube.com\/watch?v=Z4LcvRJnC4s<\/p>\n<p style=\"text-align: justify;\">\u00a0<\/p>\n","protected":false},"excerpt":{"rendered":"<p>Seguimos con nuestro particular homenaje a Miguel Hern\u00e1ndez con un nuevo podcast. Con el poema que hoy presentamos, el pez m\u00e1s viejo del r\u00edo, Miguel Hern\u00e1ndez da rienda suelta a la concepci\u00f3n metaf\u00f3rica del paso del tiempo, de la vida y de la muerte, del principio y del fin. Eduardo Fern\u00e1ndez, alumno de 1\u00ba ESO<\/p>\n","protected":false},"author":1,"featured_media":0,"comment_status":"open","ping_status":"open","sticky":false,"template":"","format":"standard","meta":{"_monsterinsights_skip_tracking":false,"_monsterinsights_sitenote_active":false,"_monsterinsights_sitenote_note":"","_monsterinsights_sitenote_category":0},"categories":[3,4,5,10,13,14,52],"tags":[135,86,137,138,143],"aioseo_notices":[],"_links":{"self":[{"href":"http:\/\/www.apuntesdelengua.com\/blog\/wp-json\/wp\/v2\/posts\/2107"}],"collection":[{"href":"http:\/\/www.apuntesdelengua.com\/blog\/wp-json\/wp\/v2\/posts"}],"about":[{"href":"http:\/\/www.apuntesdelengua.com\/blog\/wp-json\/wp\/v2\/types\/post"}],"author":[{"embeddable":true,"href":"http:\/\/www.apuntesdelengua.com\/blog\/wp-json\/wp\/v2\/users\/1"}],"replies":[{"embeddable":true,"href":"http:\/\/www.apuntesdelengua.com\/blog\/wp-json\/wp\/v2\/comments?post=2107"}],"version-history":[{"count":6,"href":"http:\/\/www.apuntesdelengua.com\/blog\/wp-json\/wp\/v2\/posts\/2107\/revisions"}],"predecessor-version":[{"id":2178,"href":"http:\/\/www.apuntesdelengua.com\/blog\/wp-json\/wp\/v2\/posts\/2107\/revisions\/2178"}],"wp:attachment":[{"href":"http:\/\/www.apuntesdelengua.com\/blog\/wp-json\/wp\/v2\/media?parent=2107"}],"wp:term":[{"taxonomy":"category","embeddable":true,"href":"http:\/\/www.apuntesdelengua.com\/blog\/wp-json\/wp\/v2\/categories?post=2107"},{"taxonomy":"post_tag","embeddable":true,"href":"http:\/\/www.apuntesdelengua.com\/blog\/wp-json\/wp\/v2\/tags?post=2107"}],"curies":[{"name":"wp","href":"https:\/\/api.w.org\/{rel}","templated":true}]}}