{"id":2177,"date":"2010-03-08T09:00:27","date_gmt":"2010-03-08T08:00:27","guid":{"rendered":"http:\/\/www.apuntesdelengua.com\/blog\/?p=2177"},"modified":"2010-06-19T23:13:10","modified_gmt":"2010-06-19T22:13:10","slug":"podcast-hernandiano-soneto-final","status":"publish","type":"post","link":"http:\/\/www.apuntesdelengua.com\/blog\/podcast-hernandiano-soneto-final\/","title":{"rendered":"Podcast hernandiano: Soneto final"},"content":{"rendered":"<p style=\"text-align: justify;\"><span style=\"font-family: 'Century Gothic';\"><span style=\"font-size: medium;\"> <\/span><\/span><\/p>\n<div style=\"width: 289px\" class=\"wp-caption alignleft\"><a href=\"http:\/\/www.cervantesvirtual.com\/servlet\/SirveObras\/12587294323489384654435\/15018_p0079.jpg\"><img loading=\"lazy\" class=\" \" src=\"http:\/\/www.cervantesvirtual.com\/servlet\/SirveObras\/12587294323489384654435\/15018_p0079.jpg\" alt=\"\" width=\"279\" height=\"363\" \/><\/a><p class=\"wp-caption-text\">Fuente: Biblioteca Virtual Miguel de Cervantes<\/p><\/div>\n<p style=\"text-align: justify;\"><span style=\"font-family: 'Century Gothic';\"><span style=\"font-size: medium;\">Comenzamos la semana con un gran poema de tristeza y dolor de Miguel Hern\u00e1ndez dentro de los dedicados a la muerte de Ram\u00f3n Sij\u00e9: Soneto final. En \u00e9l, se puede ver c\u00f3mo la tristeza y la intensidad del dolor se apoderan de las palabras cargadas de sentimiento en todo momento. <\/span><\/span><\/p>\n<p style=\"text-align: justify;\"><span style=\"font-family: 'Century Gothic';\"><span style=\"font-size: medium;\">Para ofrecernos el poema, es una alumna de 1\u00ba ESO, Gabriela Gal\u00e1n, quien interpreta el poema, prestando su voz a unos tristes versos que demuestran el dolor del poeta por la p\u00e9rdida del ser querido, su gran amigo.<\/span><\/span><\/p>\n<p style=\"text-align: justify;\"><span style=\"font-family: 'Century Gothic';\"><span style=\"font-size: medium;\">Utiliza los comentarios para evaluar y dar tu opini\u00f3n sobre el poema.<\/span><\/span><\/p>\n<p style=\"text-align: justify;\"><a href=\"http:\/\/periodistasdegetafe.blogspot.com\/2008\/06\/el-pez-ms-viejo-del-ro.html\" target=\"_blank\"><img loading=\"lazy\" src=\"http:\/\/www.fotosearch.com\/bthumb\/CSP\/CSP002\/k0028926.jpg\" alt=\"\" width=\"34\" height=\"34\" align=\"absMiddle\" \/><\/a> <span style=\"font-family: 'Century Gothic';\"><span style=\"font-size: medium;\"><a href=\"http:\/\/www.cervantesvirtual.com\/servlet\/SirveObras\/12587294323489384654435\/p0000010.htm\" target=\"_blank\">M\u00e1s informaci\u00f3n sobre la informaci\u00f3n secreta de este poema (Biblioteca Virtual Miguel de Cervantes)<\/a><br \/>\n<\/span><\/span><\/p>\n<p style=\"text-align: justify;\"><a href=\"http:\/\/periodistasdegetafe.blogspot.com\/2008\/06\/el-pez-ms-viejo-del-ro.html\" target=\"_blank\"><img loading=\"lazy\" src=\"http:\/\/www.fotosearch.com\/bthumb\/CSP\/CSP002\/k0028926.jpg\" alt=\"\" width=\"34\" height=\"34\" align=\"absMiddle\" \/><\/a><span style=\"font-family: 'Century Gothic';\"><span style=\"font-size: medium;\"><a href=\"http:\/\/www.poesia-inter.net\/mh3430.htm\" target=\"_blank\">Texto del poema.<\/a><\/span><\/span><\/p>\n<p style=\"text-align: justify;\"><a href=\"http:\/\/periodistasdegetafe.blogspot.com\/2008\/06\/el-pez-ms-viejo-del-ro.html\" target=\"_blank\"><img loading=\"lazy\" src=\"http:\/\/www.fotosearch.com\/bthumb\/CSP\/CSP002\/k0028926.jpg\" alt=\"\" width=\"34\" height=\"34\" align=\"absMiddle\" \/><\/a> <span style=\"font-family: 'Century Gothic';\"><span style=\"font-size: medium;\"><a href=\"http:\/\/www.poesia-inter.net\/Miguel_Hernandez.htm\" target=\"_blank\">Listado de poemas de Miguel Hern\u00e1ndez.<\/a><br \/>\n<\/span><\/span><\/p>\n<p style=\"text-align: justify;\"><span style=\"color: #008000;\"><strong><span style=\"font-family: 'Century Gothic';\"><span style=\"font-size: medium;\">Escucha el PODCAST: <\/span><\/span><\/strong><\/span>[podcast]http:\/\/www.apuntesdelengua.com\/archivos\/PODCAST\/miguelhernandez\/gabrielagalan.mp3[\/podcast]<\/p>\n<p style=\"text-align: justify;\"><span style=\"font-family: 'Century Gothic';\"><span style=\"font-size: medium;\"><br \/>\n<\/span><\/span><\/p>\n<p style=\"text-align: justify;\"><span style=\"font-family: 'Century Gothic';\"><span style=\"font-size: medium;\"><br \/>\n<\/span><\/span><\/p>\n","protected":false},"excerpt":{"rendered":"<p>Comenzamos la semana con un gran poema de tristeza y dolor de Miguel Hern\u00e1ndez dentro de los dedicados a la muerte de Ram\u00f3n Sij\u00e9: Soneto final. En \u00e9l, se puede ver c\u00f3mo la tristeza y la intensidad del dolor se apoderan de las palabras cargadas de sentimiento en todo momento. Para ofrecernos el poema, es<\/p>\n","protected":false},"author":1,"featured_media":0,"comment_status":"open","ping_status":"open","sticky":false,"template":"","format":"standard","meta":{"_monsterinsights_skip_tracking":false,"_monsterinsights_sitenote_active":false,"_monsterinsights_sitenote_note":"","_monsterinsights_sitenote_category":0},"categories":[10,13,52],"tags":[23,135,86,137,143],"aioseo_notices":[],"_links":{"self":[{"href":"http:\/\/www.apuntesdelengua.com\/blog\/wp-json\/wp\/v2\/posts\/2177"}],"collection":[{"href":"http:\/\/www.apuntesdelengua.com\/blog\/wp-json\/wp\/v2\/posts"}],"about":[{"href":"http:\/\/www.apuntesdelengua.com\/blog\/wp-json\/wp\/v2\/types\/post"}],"author":[{"embeddable":true,"href":"http:\/\/www.apuntesdelengua.com\/blog\/wp-json\/wp\/v2\/users\/1"}],"replies":[{"embeddable":true,"href":"http:\/\/www.apuntesdelengua.com\/blog\/wp-json\/wp\/v2\/comments?post=2177"}],"version-history":[{"count":6,"href":"http:\/\/www.apuntesdelengua.com\/blog\/wp-json\/wp\/v2\/posts\/2177\/revisions"}],"predecessor-version":[{"id":2182,"href":"http:\/\/www.apuntesdelengua.com\/blog\/wp-json\/wp\/v2\/posts\/2177\/revisions\/2182"}],"wp:attachment":[{"href":"http:\/\/www.apuntesdelengua.com\/blog\/wp-json\/wp\/v2\/media?parent=2177"}],"wp:term":[{"taxonomy":"category","embeddable":true,"href":"http:\/\/www.apuntesdelengua.com\/blog\/wp-json\/wp\/v2\/categories?post=2177"},{"taxonomy":"post_tag","embeddable":true,"href":"http:\/\/www.apuntesdelengua.com\/blog\/wp-json\/wp\/v2\/tags?post=2177"}],"curies":[{"name":"wp","href":"https:\/\/api.w.org\/{rel}","templated":true}]}}