{"id":2485,"date":"2010-04-26T09:00:14","date_gmt":"2010-04-26T08:00:14","guid":{"rendered":"http:\/\/www.apuntesdelengua.com\/blog\/?p=2485"},"modified":"2010-06-19T23:37:33","modified_gmt":"2010-06-19T22:37:33","slug":"podcast-hernandiano-cancion-ultima","status":"publish","type":"post","link":"http:\/\/www.apuntesdelengua.com\/blog\/podcast-hernandiano-cancion-ultima\/","title":{"rendered":"Podcast hernandiano: Canci\u00f3n \u00faltima"},"content":{"rendered":"<div style=\"width: 227px\" class=\"wp-caption alignright\"><img loading=\"lazy\" src=\"http:\/\/blog.educastur.es\/caminantenohaycamino\/files\/2010\/04\/miguel-hernandez.jpg\" alt=\"\" width=\"217\" height=\"129\" \/><p class=\"wp-caption-text\">Fuente: blog.educastur.es<\/p><\/div>\n<p style=\"text-align: justify;\"><span style=\"font-family: 'Century Gothic';\"><span style=\"font-size: medium;\"><strong><span style=\"color: #008000;\">Canci\u00f3n \u00faltima <\/span><\/strong>es un poema cargado de tragedia e intenso dolor po\u00e9tico que anuncia el verdadero dolor, el de la muerte. Ante este reto, Elena Carrillo, alumna de 2\u00ba ESO, se ha metido en la piel de un triste poeta que enhebra los versos con el mismo dolor que el sentimiento palpable.<\/span><\/span><\/p>\n<p style=\"text-align: justify;\"><span style=\"font-family: 'Century Gothic';\"><span style=\"font-size: medium;\">Pintada, no vac\u00eda:<\/span><\/span><\/p>\n<p style=\"text-align: justify;\"><span style=\"font-family: 'Century Gothic';\"><span style=\"font-size: medium;\">pintada est\u00e1 mi casa<\/span><\/span><\/p>\n<p style=\"text-align: justify;\"><span style=\"font-family: 'Century Gothic';\"><span style=\"font-size: medium;\">del color de las grandes<\/span><\/span><\/p>\n<p style=\"text-align: justify;\"><span style=\"font-family: 'Century Gothic';\"><span style=\"font-size: medium;\">pasiones y desgracias.<\/span><\/span><\/p>\n<p style=\"text-align: justify;\"><span style=\"font-family: 'Century Gothic';\"><span style=\"font-size: medium;\">Regresar\u00e1 del llanto<\/span><\/span><\/p>\n<p style=\"text-align: justify;\"><span style=\"font-family: 'Century Gothic';\"><span style=\"font-size: medium;\">adonde fue llevada<\/span><\/span><\/p>\n<p style=\"text-align: justify;\"><span style=\"font-family: 'Century Gothic';\"><span style=\"font-size: medium;\">con su desierta mesa,<\/span><\/span><\/p>\n<p style=\"text-align: justify;\"><span style=\"font-family: 'Century Gothic';\"><span style=\"font-size: medium;\">con su ruinosa cama.<\/span><\/span><\/p>\n<p style=\"text-align: justify;\"><span style=\"font-family: 'Century Gothic';\"><span style=\"font-size: medium;\">Florecer\u00e1n los besos<\/span><\/span><\/p>\n<p style=\"text-align: justify;\"><span style=\"font-family: 'Century Gothic';\"><span style=\"font-size: medium;\">sobre las almohada.<\/span><\/span><\/p>\n<p style=\"text-align: justify;\"><span style=\"font-family: 'Century Gothic';\"><span style=\"font-size: medium;\">Y en torno de los cuerpos<\/span><\/span><\/p>\n<p style=\"text-align: justify;\"><span style=\"font-family: 'Century Gothic';\"><span style=\"font-size: medium;\">elevar\u00e1 la s\u00e1bana<\/span><\/span><\/p>\n<p style=\"text-align: justify;\"><span style=\"font-family: 'Century Gothic';\"><span style=\"font-size: medium;\">su inmensa enredadera<\/span><\/span><\/p>\n<p style=\"text-align: justify;\"><span style=\"font-family: 'Century Gothic';\"><span style=\"font-size: medium;\">nocturna, perfumada.<\/span><\/span><\/p>\n<p style=\"text-align: justify;\"><span style=\"font-family: 'Century Gothic';\"><span style=\"font-size: medium;\">El odio se amortigua<\/span><\/span><\/p>\n<p style=\"text-align: justify;\"><span style=\"font-family: 'Century Gothic';\"><span style=\"font-size: medium;\">detr\u00e1s de la ventana.<\/span><\/span><\/p>\n<p style=\"text-align: justify;\"><span style=\"font-family: 'Century Gothic';\"><span style=\"font-size: medium;\">Ser\u00e1 la garra suave.<\/span><\/span><\/p>\n<p style=\"text-align: justify;\"><span style=\"font-family: 'Century Gothic';\"><span style=\"font-size: medium;\">Dejadme la esperanza.<\/span><\/span><\/p>\n<p style=\"text-align: justify;\"><span style=\"font-family:  'Century Gothic';\"><span style=\"font-size: medium;\"><strong><span style=\"color: #008000;\">Escucha este PODCAST: <\/span><\/strong><\/span><\/span><span style=\"font-family: 'Century Gothic';\"><span style=\"font-size: medium;\"><strong><span style=\"color: #008000;\">[podcast]http:\/\/www.apuntesdelengua.com\/archivos\/podcast\/miguelhernandez\/cancionultima.mp3[\/podcast]<\/span><\/strong><br \/>\n<\/span><\/span><\/p>\n","protected":false},"excerpt":{"rendered":"<p>Canci\u00f3n \u00faltima es un poema cargado de tragedia e intenso dolor po\u00e9tico que anuncia el verdadero dolor, el de la muerte. Ante este reto, Elena Carrillo, alumna de 2\u00ba ESO, se ha metido en la piel de un triste poeta que enhebra los versos con el mismo dolor que el sentimiento palpable. Pintada, no vac\u00eda:<\/p>\n","protected":false},"author":1,"featured_media":0,"comment_status":"open","ping_status":"open","sticky":false,"template":"","format":"standard","meta":{"_monsterinsights_skip_tracking":false,"_monsterinsights_sitenote_active":false,"_monsterinsights_sitenote_note":"","_monsterinsights_sitenote_category":0},"categories":[13,14,52],"tags":[86,137,138,143],"aioseo_notices":[],"_links":{"self":[{"href":"http:\/\/www.apuntesdelengua.com\/blog\/wp-json\/wp\/v2\/posts\/2485"}],"collection":[{"href":"http:\/\/www.apuntesdelengua.com\/blog\/wp-json\/wp\/v2\/posts"}],"about":[{"href":"http:\/\/www.apuntesdelengua.com\/blog\/wp-json\/wp\/v2\/types\/post"}],"author":[{"embeddable":true,"href":"http:\/\/www.apuntesdelengua.com\/blog\/wp-json\/wp\/v2\/users\/1"}],"replies":[{"embeddable":true,"href":"http:\/\/www.apuntesdelengua.com\/blog\/wp-json\/wp\/v2\/comments?post=2485"}],"version-history":[{"count":5,"href":"http:\/\/www.apuntesdelengua.com\/blog\/wp-json\/wp\/v2\/posts\/2485\/revisions"}],"predecessor-version":[{"id":2820,"href":"http:\/\/www.apuntesdelengua.com\/blog\/wp-json\/wp\/v2\/posts\/2485\/revisions\/2820"}],"wp:attachment":[{"href":"http:\/\/www.apuntesdelengua.com\/blog\/wp-json\/wp\/v2\/media?parent=2485"}],"wp:term":[{"taxonomy":"category","embeddable":true,"href":"http:\/\/www.apuntesdelengua.com\/blog\/wp-json\/wp\/v2\/categories?post=2485"},{"taxonomy":"post_tag","embeddable":true,"href":"http:\/\/www.apuntesdelengua.com\/blog\/wp-json\/wp\/v2\/tags?post=2485"}],"curies":[{"name":"wp","href":"https:\/\/api.w.org\/{rel}","templated":true}]}}