{"id":2493,"date":"2010-04-27T09:02:37","date_gmt":"2010-04-27T08:02:37","guid":{"rendered":"http:\/\/www.apuntesdelengua.com\/blog\/?p=2493"},"modified":"2010-06-19T23:40:53","modified_gmt":"2010-06-19T22:40:53","slug":"podcast-hernandiano-si-nosotros-vivieramos","status":"publish","type":"post","link":"http:\/\/www.apuntesdelengua.com\/blog\/podcast-hernandiano-si-nosotros-vivieramos\/","title":{"rendered":"Podcast hernandiano: Si nosotros vivi\u00e9ramos"},"content":{"rendered":"<div style=\"width: 196px\" class=\"wp-caption alignleft\"><img loading=\"lazy\" src=\"http:\/\/filcusum.files.wordpress.com\/2009\/07\/josefina.jpg\" alt=\"\" width=\"186\" height=\"166\" \/><p class=\"wp-caption-text\">Fuente: filcusum<\/p><\/div>\n<p style=\"text-align: justify;\"><span style=\"font-family: 'Century Gothic';\"><span style=\"font-size: medium;\">\u00bfC\u00f3mo transmitir tranquilidad y sosiego ante la inminencia de la muerte? \u00bfC\u00f3mo tranquilizar al ser querido ante la venida de la inevitable muerte? \u00bfC\u00f3mo decir que quieres a quien m\u00e1s has querido justo antes de yacer en el lecho de muerte?<\/span><\/span><\/p>\n<p style=\"text-align: justify;\"><span style=\"font-family: 'Century Gothic';\"><span style=\"font-size: medium;\">Si nosotros vivi\u00e9ramos es un poema que podr\u00eda responder a estas preguntas y a muchas m\u00e1s que se hiciera Miguel Hern\u00e1ndez antes de ver la muerte cara a cara.<\/span><\/span><\/p>\n<p style=\"text-align: justify;\"><span style=\"font-family: 'Century Gothic';\"><span style=\"font-size: medium;\">En esta ocasi\u00f3n, Beatriz D\u00edaz, alumna de 2\u00ba ESO B (<a href=\"http:\/\/www.apuntesdelengua.com\/blog\/archives\/751\" target=\"_blank\">a quien ya hemos escuchado poni\u00e9ndole voz a versos de B\u00e9cquer<\/a>) nos propone la interpretaci\u00f3n de este poema.<\/span><\/span><\/p>\n<p style=\"text-align: center;\"><span style=\"font-family: 'Century Gothic';\"><span style=\"font-size: medium;\"><a href=\"http:\/\/www.poesia-inter.net\/mh38b023.htm\" target=\"_blank\">Accede al texto del poema pinchando sobre este enlace.<\/a><\/span><\/span><\/p>\n<p style=\"text-align: center;\"><span style=\"font-family: 'Century Gothic';\"><span style=\"font-size: medium;\"><strong><span style=\"color: #008000;\">Escucha el PODCAST: <\/span><\/strong>[podcast]http:\/\/www.apuntesdelengua.com\/archivos\/podcast\/miguelhernandez\/sinosotrosvivieramos.mp3[\/podcast]<br \/>\n<\/span><\/span><\/p>\n","protected":false},"excerpt":{"rendered":"<p>\u00bfC\u00f3mo transmitir tranquilidad y sosiego ante la inminencia de la muerte? \u00bfC\u00f3mo tranquilizar al ser querido ante la venida de la inevitable muerte? \u00bfC\u00f3mo decir que quieres a quien m\u00e1s has querido justo antes de yacer en el lecho de muerte? Si nosotros vivi\u00e9ramos es un poema que podr\u00eda responder a estas preguntas y a<\/p>\n","protected":false},"author":1,"featured_media":0,"comment_status":"open","ping_status":"open","sticky":false,"template":"","format":"standard","meta":{"_monsterinsights_skip_tracking":false,"_monsterinsights_sitenote_active":false,"_monsterinsights_sitenote_note":"","_monsterinsights_sitenote_category":0},"categories":[13,14,52],"tags":[86,137,138,143],"aioseo_notices":[],"_links":{"self":[{"href":"http:\/\/www.apuntesdelengua.com\/blog\/wp-json\/wp\/v2\/posts\/2493"}],"collection":[{"href":"http:\/\/www.apuntesdelengua.com\/blog\/wp-json\/wp\/v2\/posts"}],"about":[{"href":"http:\/\/www.apuntesdelengua.com\/blog\/wp-json\/wp\/v2\/types\/post"}],"author":[{"embeddable":true,"href":"http:\/\/www.apuntesdelengua.com\/blog\/wp-json\/wp\/v2\/users\/1"}],"replies":[{"embeddable":true,"href":"http:\/\/www.apuntesdelengua.com\/blog\/wp-json\/wp\/v2\/comments?post=2493"}],"version-history":[{"count":5,"href":"http:\/\/www.apuntesdelengua.com\/blog\/wp-json\/wp\/v2\/posts\/2493\/revisions"}],"predecessor-version":[{"id":2496,"href":"http:\/\/www.apuntesdelengua.com\/blog\/wp-json\/wp\/v2\/posts\/2493\/revisions\/2496"}],"wp:attachment":[{"href":"http:\/\/www.apuntesdelengua.com\/blog\/wp-json\/wp\/v2\/media?parent=2493"}],"wp:term":[{"taxonomy":"category","embeddable":true,"href":"http:\/\/www.apuntesdelengua.com\/blog\/wp-json\/wp\/v2\/categories?post=2493"},{"taxonomy":"post_tag","embeddable":true,"href":"http:\/\/www.apuntesdelengua.com\/blog\/wp-json\/wp\/v2\/tags?post=2493"}],"curies":[{"name":"wp","href":"https:\/\/api.w.org\/{rel}","templated":true}]}}