{"id":2497,"date":"2010-04-27T09:18:12","date_gmt":"2010-04-27T08:18:12","guid":{"rendered":"http:\/\/www.apuntesdelengua.com\/blog\/?p=2497"},"modified":"2010-06-19T23:40:44","modified_gmt":"2010-06-19T22:40:44","slug":"podcast-hernandiano-por-una-senda-van-los-hortelanos","status":"publish","type":"post","link":"http:\/\/www.apuntesdelengua.com\/blog\/podcast-hernandiano-por-una-senda-van-los-hortelanos\/","title":{"rendered":"Podcast hernandiano: por una senda van los hortelanos"},"content":{"rendered":"<div style=\"width: 303px\" class=\"wp-caption aligncenter\"><img loading=\"lazy\" src=\"http:\/\/farm4.static.flickr.com\/3278\/2811869648_a53cbc3dd1_m.jpg\" alt=\"\" width=\"293\" height=\"219\" \/><p class=\"wp-caption-text\">Fuente: Jos\u00e9 Manuel Sanz (flickr)<\/p><\/div>\n<p style=\"text-align: justify;\"><span style=\"font-family: 'Century Gothic';\"><span style=\"font-size: medium;\"><strong><em><span style=\"color: #008000;\">Por una senda&#8230; <\/span><\/em><\/strong>es uno de los poemas m\u00e1s carism\u00e1ticos del mundo hernandiano. Sobran las palabras para destacar sus cualidades po\u00e9ticas y ret\u00f3ricas. Fruto de ello, es que es uno de los sonetos favoritos de los alumnos, y para ello, F\u00e1tima Escalona, alumna de 1\u00ba ESO se ha dispuesto a ponerle voz e interpretaci\u00f3n.<\/span><\/span><\/p>\n<p style=\"text-align: justify; padding-left: 90px;\"><span style=\"font-family: 'Century Gothic';\"><span style=\"font-size: medium;\">Por una senda van los hortelanos,<br \/>\nque es la sagrada hora del regreso,<br \/>\ncon la sangre injuriada por el peso<br \/>\nde inviernos, primaveras y veranos.<\/span><\/span><\/p>\n<p style=\"text-align: justify; padding-left: 90px;\"><span style=\"font-family: 'Century Gothic';\"><span style=\"font-size: medium;\">Vienen de los esfuerzos sobrehumanos<br \/>\ny van a la canci\u00f3n, y van al beso,<br \/>\ny van dejando por el aire impreso<br \/>\nun olor de herramientas y de manos.<\/span><\/span><\/p>\n<p style=\"text-align: justify; padding-left: 90px;\"><span style=\"font-family: 'Century Gothic';\"><span style=\"font-size: medium;\">Por otra senda yo, por otra senda<br \/>\nque no conduce al beso aunque es la hora,<br \/>\nsino que merodea sin destino.<\/span><\/span><\/p>\n<p style=\"text-align: justify; padding-left: 90px;\"><span style=\"font-family: 'Century Gothic';\"><span style=\"font-size: medium;\">Bajo su frente tr\u00e1gica y tremenda,<br \/>\nun toro solo en la ribera llora<br \/>\nolvidando que es toro y masculino.<\/span><\/span><\/p>\n<p style=\"text-align: justify; padding-left: 90px;\"><span style=\"font-family: 'Century Gothic';\"><span style=\"font-size: medium;\"><strong><span style=\"color: #008000;\">Escucha el PODCAST:<\/span><\/strong> [podcast]http:\/\/www.apuntesdelengua.com\/archivos\/podcast\/miguelhernandez\/porunasendavanloshortelanos.mp3[\/podcast]<br \/>\n<\/span><\/span><\/p>\n","protected":false},"excerpt":{"rendered":"<p>Por una senda&#8230; es uno de los poemas m\u00e1s carism\u00e1ticos del mundo hernandiano. Sobran las palabras para destacar sus cualidades po\u00e9ticas y ret\u00f3ricas. Fruto de ello, es que es uno de los sonetos favoritos de los alumnos, y para ello, F\u00e1tima Escalona, alumna de 1\u00ba ESO se ha dispuesto a ponerle voz e interpretaci\u00f3n. Por<\/p>\n","protected":false},"author":1,"featured_media":0,"comment_status":"open","ping_status":"open","sticky":false,"template":"","format":"standard","meta":{"_monsterinsights_skip_tracking":false,"_monsterinsights_sitenote_active":false,"_monsterinsights_sitenote_note":"","_monsterinsights_sitenote_category":0},"categories":[13,14,52],"tags":[86,137,138,143],"aioseo_notices":[],"_links":{"self":[{"href":"http:\/\/www.apuntesdelengua.com\/blog\/wp-json\/wp\/v2\/posts\/2497"}],"collection":[{"href":"http:\/\/www.apuntesdelengua.com\/blog\/wp-json\/wp\/v2\/posts"}],"about":[{"href":"http:\/\/www.apuntesdelengua.com\/blog\/wp-json\/wp\/v2\/types\/post"}],"author":[{"embeddable":true,"href":"http:\/\/www.apuntesdelengua.com\/blog\/wp-json\/wp\/v2\/users\/1"}],"replies":[{"embeddable":true,"href":"http:\/\/www.apuntesdelengua.com\/blog\/wp-json\/wp\/v2\/comments?post=2497"}],"version-history":[{"count":4,"href":"http:\/\/www.apuntesdelengua.com\/blog\/wp-json\/wp\/v2\/posts\/2497\/revisions"}],"predecessor-version":[{"id":2499,"href":"http:\/\/www.apuntesdelengua.com\/blog\/wp-json\/wp\/v2\/posts\/2497\/revisions\/2499"}],"wp:attachment":[{"href":"http:\/\/www.apuntesdelengua.com\/blog\/wp-json\/wp\/v2\/media?parent=2497"}],"wp:term":[{"taxonomy":"category","embeddable":true,"href":"http:\/\/www.apuntesdelengua.com\/blog\/wp-json\/wp\/v2\/categories?post=2497"},{"taxonomy":"post_tag","embeddable":true,"href":"http:\/\/www.apuntesdelengua.com\/blog\/wp-json\/wp\/v2\/tags?post=2497"}],"curies":[{"name":"wp","href":"https:\/\/api.w.org\/{rel}","templated":true}]}}