{"id":2600,"date":"2010-05-01T21:21:34","date_gmt":"2010-05-01T20:21:34","guid":{"rendered":"http:\/\/www.apuntesdelengua.com\/blog\/?p=2600"},"modified":"2010-06-19T23:51:28","modified_gmt":"2010-06-19T22:51:28","slug":"podcast-hernandiano-el-cementerio-esta-cerca","status":"publish","type":"post","link":"http:\/\/www.apuntesdelengua.com\/blog\/podcast-hernandiano-el-cementerio-esta-cerca\/","title":{"rendered":"Podcast hernandiano: el cementerio est\u00e1 cerca"},"content":{"rendered":"<p><img loading=\"lazy\" class=\"alignleft\" src=\"http:\/\/eloviparo.files.wordpress.com\/2009\/10\/cementerio.jpg\" alt=\"\" width=\"368\" height=\"276\" \/><\/p>\n<p style=\"text-align: justify;\"><span style=\"font-family: 'Century Gothic';\"><span style=\"font-size: medium;\">El cementerio est\u00e1 cerca<br \/>\nde donde t\u00fa y yo dormimos,<br \/>\nentre nopales azules,<br \/>\npitas azules y ni\u00f1os<br \/>\nque gritan v\u00edvidamente<br \/>\nsi un muerto nubla el camino.<\/span><\/span><\/p>\n<p style=\"text-align: justify;\"><span style=\"font-family: 'Century Gothic';\"><span style=\"font-size: medium;\">De aqu\u00ed al cementerio, todo<br \/>\nes azul, dorado, l\u00edmpido.<br \/>\nCuatro pasos, y los muertos.<br \/>\nCuatro pasos, y los vivos.<\/span><\/span><\/p>\n<p style=\"text-align: justify;\"><span style=\"font-family: 'Century Gothic';\"><span style=\"font-size: medium;\">L\u00edmpido, azul y dorado,<br \/>\nse hace all\u00ed remoto el hijo.<\/span><\/span><\/p>\n<p style=\"text-align: justify;\"><span style=\"font-family: 'Century Gothic';\"><span style=\"font-size: medium;\"> <a href=\"http:\/\/http:\/\/eloviparo.files.wordpress.com\/2009\/10\/cementerio.jpg\" target=\"_blank\"> Origen de la imagen<\/a><\/span><\/span><\/p>\n<p style=\"text-align: justify;\"><span style=\"font-family: 'Century Gothic';\"><span style=\"font-size: medium;\">Corto pero intenso, un poema que otorga a la muerte una ubicaci\u00f3n y un tempo: El cementerio est\u00e1 cerca. Jorge Mor\u00e1n, alumno de 2\u00ba ESO, nos narra un poema t\u00e9trico, elegante.<\/span><\/span><\/p>\n<p style=\"text-align: justify;\"><span style=\"font-family: 'Century Gothic';\"><span style=\"font-size: medium;\"><span style=\"color: #008000;\"><strong>Escucha el PODCAST: [podcast]http:\/\/www.apuntesdelengua.com\/archivos\/podcast\/miguelhernandez\/elcementerio.mp3[\/podcast]<\/strong><\/span><br \/>\n<\/span><\/span><\/p>\n","protected":false},"excerpt":{"rendered":"<p>El cementerio est\u00e1 cerca de donde t\u00fa y yo dormimos, entre nopales azules, pitas azules y ni\u00f1os que gritan v\u00edvidamente si un muerto nubla el camino. De aqu\u00ed al cementerio, todo es azul, dorado, l\u00edmpido. Cuatro pasos, y los muertos. Cuatro pasos, y los vivos. L\u00edmpido, azul y dorado, se hace all\u00ed remoto el hijo.<\/p>\n","protected":false},"author":1,"featured_media":0,"comment_status":"open","ping_status":"open","sticky":false,"template":"","format":"standard","meta":{"_monsterinsights_skip_tracking":false,"_monsterinsights_sitenote_active":false,"_monsterinsights_sitenote_note":"","_monsterinsights_sitenote_category":0},"categories":[13,14,52],"tags":[86,137,138,143],"aioseo_notices":[],"_links":{"self":[{"href":"http:\/\/www.apuntesdelengua.com\/blog\/wp-json\/wp\/v2\/posts\/2600"}],"collection":[{"href":"http:\/\/www.apuntesdelengua.com\/blog\/wp-json\/wp\/v2\/posts"}],"about":[{"href":"http:\/\/www.apuntesdelengua.com\/blog\/wp-json\/wp\/v2\/types\/post"}],"author":[{"embeddable":true,"href":"http:\/\/www.apuntesdelengua.com\/blog\/wp-json\/wp\/v2\/users\/1"}],"replies":[{"embeddable":true,"href":"http:\/\/www.apuntesdelengua.com\/blog\/wp-json\/wp\/v2\/comments?post=2600"}],"version-history":[{"count":4,"href":"http:\/\/www.apuntesdelengua.com\/blog\/wp-json\/wp\/v2\/posts\/2600\/revisions"}],"predecessor-version":[{"id":2603,"href":"http:\/\/www.apuntesdelengua.com\/blog\/wp-json\/wp\/v2\/posts\/2600\/revisions\/2603"}],"wp:attachment":[{"href":"http:\/\/www.apuntesdelengua.com\/blog\/wp-json\/wp\/v2\/media?parent=2600"}],"wp:term":[{"taxonomy":"category","embeddable":true,"href":"http:\/\/www.apuntesdelengua.com\/blog\/wp-json\/wp\/v2\/categories?post=2600"},{"taxonomy":"post_tag","embeddable":true,"href":"http:\/\/www.apuntesdelengua.com\/blog\/wp-json\/wp\/v2\/tags?post=2600"}],"curies":[{"name":"wp","href":"https:\/\/api.w.org\/{rel}","templated":true}]}}