{"id":2726,"date":"2010-06-02T09:00:54","date_gmt":"2010-06-02T08:00:54","guid":{"rendered":"http:\/\/www.apuntesdelengua.com\/blog\/?p=2726"},"modified":"2010-06-19T23:52:59","modified_gmt":"2010-06-19T22:52:59","slug":"podcast-hernandiano-sepultura-de-la-imaginacion","status":"publish","type":"post","link":"http:\/\/www.apuntesdelengua.com\/blog\/podcast-hernandiano-sepultura-de-la-imaginacion\/","title":{"rendered":"Podcast hernandiano: Sepultura de la imaginaci\u00f3n"},"content":{"rendered":"<div class=\"mceTemp\">\n<dl class=\"wp-caption alignleft\" style=\"width: 134px;\">\n<dt class=\"wp-caption-dt\"><a href=\"http:\/\/www.cuentos-infantiles.org\/wp-content\/uploads\/2009\/11\/el-albanil.jpg\"><img loading=\"lazy\" src=\"http:\/\/www.cuentos-infantiles.org\/wp-content\/uploads\/2009\/11\/el-albanil.jpg\" alt=\"\" width=\"124\" height=\"164\" \/><\/a><\/dt>\n<\/dl>\n<\/div>\n<p style=\"text-align: justify;\"><span style=\"font-family: 'Century Gothic';\"><span style=\"font-size: medium;\">Iv\u00e1n Vivares, alumno de 2\u00ba ESO le pone voz a uno de los poemas m\u00e1s intensos es interesantes del univeso hernandiano. <strong><span style=\"color: #008000;\">Sepultura de la imaginaci\u00f3n<\/span><\/strong> es la historia de un alba\u00f1il construyendo feliz, entre risa y canto, alegr\u00eda y viento piedra a piedra su morada, su propia c\u00e1rcel y donde fueran \u00e9l y el viento los protagonistas&#8230; finalmente ambos fueron precipitados de la imaginaci\u00f3n, cayendo entre las mismas piedras que levantara&#8230; En \u00e9l Intervienen la imaginaci\u00f3n, el obrero, el viento, la alegr\u00eda, el material p\u00e9treo, brazos, aletazos, p\u00e1jaros, cielo, naturaleza, monta\u00f1a, viento, tormentas&#8230; En estas mismas figuras estar\u00edan las emociones, las figuras, el tema&#8230; No olvides que puedes dar tu opini\u00f3n del tema en los comentarios.<br \/>\n<\/span><\/span><\/p>\n<p style=\"text-align: justify; padding-left: 90px;\"><span style=\"font-family: 'Century Gothic';\">Un alba\u00f1il quer\u00eda&#8230; No le faltaba aliento.<br \/>\nUn alba\u00f1il quer\u00eda, piedra tras piedra, muro<br \/>\ntras muro, levantar una imagen al viento<br \/>\ndesencadenador en el futuro.<\/span><\/p>\n<p style=\"text-align: justify; padding-left: 90px;\"><span style=\"font-family: 'Century Gothic';\"><br \/>\nQuer\u00eda un edificio capaz de lo m\u00e1s leve.<br \/>\nNo le faltaba aliento. \u00a1Cu\u00e1nto aquel ser quer\u00eda!<br \/>\nPiedras de plumas, muros de p\u00e1jaros los mueve<br \/>\nuna imaginaci\u00f3n al mediod\u00eda.<\/span><\/p>\n<p style=\"text-align: justify; padding-left: 90px;\"><span style=\"font-family: 'Century Gothic';\"><br \/>\nRe\u00eda. Trabajaba. Cantaba. De sus brazos,<br \/>\ncon un poder m\u00e1s alto que el ala de los truenos<br \/>\niban brotando muros lo mismo que aletazos.<br \/>\nPero los aletazos duran menos.<\/span><\/p>\n<p style=\"text-align: justify; padding-left: 90px;\"><span style=\"font-family: 'Century Gothic';\"><br \/>\nAl fin, era la piedra su agente. Y la monta\u00f1a<br \/>\ntiene valor de vuelo si es totalmente activa.<br \/>\nPiedra por piedra es peso y hunde cuanto acompa\u00f1a<br \/>\naunque esto sea un mundo de ansia viva.<\/span><\/p>\n<p style=\"text-align: justify; padding-left: 90px;\"><span style=\"font-family: 'Century Gothic';\"><br \/>\nUn alba\u00f1il quer\u00eda&#8230; Pero la piedra cobra<br \/>\nsu torva densidad brutal en un momento.<br \/>\nAquel hombre labraba su c\u00e1rcel. Y en su obra<br \/>\nfueron precipitados \u00e9l y el viento.<\/span><\/p>\n<p style=\"text-align: justify;\"><span style=\"font-family: 'Century Gothic';\"><strong><span style=\"color: #008000;\">Escucha el PODCAST: [podcast]http:\/\/www.apuntesdelengua.com\/archivos\/podcast\/miguelhernandez\/ivanvivares.mp3[\/podcast]<\/span><\/strong><br \/>\n<\/span><\/p>\n","protected":false},"excerpt":{"rendered":"<p>Iv\u00e1n Vivares, alumno de 2\u00ba ESO le pone voz a uno de los poemas m\u00e1s intensos es interesantes del univeso hernandiano. Sepultura de la imaginaci\u00f3n es la historia de un alba\u00f1il construyendo feliz, entre risa y canto, alegr\u00eda y viento piedra a piedra su morada, su propia c\u00e1rcel y donde fueran \u00e9l y el viento<\/p>\n","protected":false},"author":1,"featured_media":0,"comment_status":"open","ping_status":"open","sticky":false,"template":"","format":"standard","meta":{"_monsterinsights_skip_tracking":false,"_monsterinsights_sitenote_active":false,"_monsterinsights_sitenote_note":"","_monsterinsights_sitenote_category":0},"categories":[13,14,52],"tags":[135,86,137,138,143],"aioseo_notices":[],"_links":{"self":[{"href":"http:\/\/www.apuntesdelengua.com\/blog\/wp-json\/wp\/v2\/posts\/2726"}],"collection":[{"href":"http:\/\/www.apuntesdelengua.com\/blog\/wp-json\/wp\/v2\/posts"}],"about":[{"href":"http:\/\/www.apuntesdelengua.com\/blog\/wp-json\/wp\/v2\/types\/post"}],"author":[{"embeddable":true,"href":"http:\/\/www.apuntesdelengua.com\/blog\/wp-json\/wp\/v2\/users\/1"}],"replies":[{"embeddable":true,"href":"http:\/\/www.apuntesdelengua.com\/blog\/wp-json\/wp\/v2\/comments?post=2726"}],"version-history":[{"count":7,"href":"http:\/\/www.apuntesdelengua.com\/blog\/wp-json\/wp\/v2\/posts\/2726\/revisions"}],"predecessor-version":[{"id":2733,"href":"http:\/\/www.apuntesdelengua.com\/blog\/wp-json\/wp\/v2\/posts\/2726\/revisions\/2733"}],"wp:attachment":[{"href":"http:\/\/www.apuntesdelengua.com\/blog\/wp-json\/wp\/v2\/media?parent=2726"}],"wp:term":[{"taxonomy":"category","embeddable":true,"href":"http:\/\/www.apuntesdelengua.com\/blog\/wp-json\/wp\/v2\/categories?post=2726"},{"taxonomy":"post_tag","embeddable":true,"href":"http:\/\/www.apuntesdelengua.com\/blog\/wp-json\/wp\/v2\/tags?post=2726"}],"curies":[{"name":"wp","href":"https:\/\/api.w.org\/{rel}","templated":true}]}}