{"id":4015,"date":"2010-10-06T09:00:58","date_gmt":"2010-10-06T08:00:58","guid":{"rendered":"http:\/\/www.apuntesdelengua.com\/blog\/?p=4015"},"modified":"2010-10-03T23:21:53","modified_gmt":"2010-10-03T22:21:53","slug":"cuestiones-orales-y-escritas-sobre-las-funciones-del-lenguaje","status":"publish","type":"post","link":"http:\/\/www.apuntesdelengua.com\/blog\/cuestiones-orales-y-escritas-sobre-las-funciones-del-lenguaje\/","title":{"rendered":"Cuestiones orales y escritas sobre las funciones del lenguaje"},"content":{"rendered":"<p><a href=\"http:\/\/www.apuntesdelengua.com\/blog\/?page_id=176\" target=\"_blank\"><img loading=\"lazy\" class=\"aligncenter\" src=\"http:\/\/www.apuntesdelengua.com\/archivos\/2ESO\/funcionesdellenguaje\/indice.jpg\" alt=\"\" width=\"640\" height=\"291\" \/><\/a><\/p>\n<p style=\"text-align: justify;\"><span style=\"font-family: 'Century Gothic';\">Esta semana nuestr@s alumn@s se enfrentan a los primeros ex\u00e1menes del curso. Los alumnos de 2\u00ba ESO tendr\u00e1n que justificar sus conocimientos sobre las funciones del lenguaje. Para ello, hemos elaborado un mapa conceptual para trabajarlos en clase. Adem\u00e1s de ello, hemos grabado un podcast sobre los contenidos y ejemplos de las funciones del lenguaje, permitiendo as\u00ed una transmisi\u00f3n de contenidos oral y escrita. Pincha sobre la imagen para acceder a los contenidos escritos. Si quieres escuchar estos contenidos, pulsa sobre el bot\u00f3 para escuchar el podcast.<br \/>\n<span style=\"color: #ff6600;\"><strong>L<\/strong><strong>AS FUNCIONES DEL LENGUAJE<\/strong><\/span>: [podcast]http:\/\/www.apuntesdelengua.com\/archivos\/podcast\/audioapuntes\/funcionesdellenguaje.mp3[\/podcast]<\/span><\/p>\n","protected":false},"excerpt":{"rendered":"<p>Esta semana nuestr@s alumn@s se enfrentan a los primeros ex\u00e1menes del curso. Los alumnos de 2\u00ba ESO tendr\u00e1n que justificar sus conocimientos sobre las funciones del lenguaje. Para ello, hemos elaborado un mapa conceptual para trabajarlos en clase. Adem\u00e1s de ello, hemos grabado un podcast sobre los contenidos y ejemplos de las funciones del lenguaje,<\/p>\n","protected":false},"author":1,"featured_media":0,"comment_status":"open","ping_status":"open","sticky":false,"template":"","format":"standard","meta":{"_monsterinsights_skip_tracking":false,"_monsterinsights_sitenote_active":false,"_monsterinsights_sitenote_note":"","_monsterinsights_sitenote_category":0},"categories":[4,9,13,15,52],"tags":[129,134,137],"aioseo_notices":[],"_links":{"self":[{"href":"http:\/\/www.apuntesdelengua.com\/blog\/wp-json\/wp\/v2\/posts\/4015"}],"collection":[{"href":"http:\/\/www.apuntesdelengua.com\/blog\/wp-json\/wp\/v2\/posts"}],"about":[{"href":"http:\/\/www.apuntesdelengua.com\/blog\/wp-json\/wp\/v2\/types\/post"}],"author":[{"embeddable":true,"href":"http:\/\/www.apuntesdelengua.com\/blog\/wp-json\/wp\/v2\/users\/1"}],"replies":[{"embeddable":true,"href":"http:\/\/www.apuntesdelengua.com\/blog\/wp-json\/wp\/v2\/comments?post=4015"}],"version-history":[{"count":4,"href":"http:\/\/www.apuntesdelengua.com\/blog\/wp-json\/wp\/v2\/posts\/4015\/revisions"}],"predecessor-version":[{"id":4019,"href":"http:\/\/www.apuntesdelengua.com\/blog\/wp-json\/wp\/v2\/posts\/4015\/revisions\/4019"}],"wp:attachment":[{"href":"http:\/\/www.apuntesdelengua.com\/blog\/wp-json\/wp\/v2\/media?parent=4015"}],"wp:term":[{"taxonomy":"category","embeddable":true,"href":"http:\/\/www.apuntesdelengua.com\/blog\/wp-json\/wp\/v2\/categories?post=4015"},{"taxonomy":"post_tag","embeddable":true,"href":"http:\/\/www.apuntesdelengua.com\/blog\/wp-json\/wp\/v2\/tags?post=4015"}],"curies":[{"name":"wp","href":"https:\/\/api.w.org\/{rel}","templated":true}]}}