{"id":5876,"date":"2012-11-28T22:22:35","date_gmt":"2012-11-28T21:22:35","guid":{"rendered":"http:\/\/www.apuntesdelengua.com\/blog\/?p=5876"},"modified":"2012-11-28T22:22:35","modified_gmt":"2012-11-28T21:22:35","slug":"mira-que-hay-palabras-en-castellano-cual-es-la-tuya","status":"publish","type":"post","link":"http:\/\/www.apuntesdelengua.com\/blog\/mira-que-hay-palabras-en-castellano-cual-es-la-tuya\/","title":{"rendered":"Mira que hay palabras en castellano&#8230; \u00bfcu\u00e1l es la tuya?"},"content":{"rendered":"<p style=\"text-align: justify;\"><span style=\"font-family: 'Century Gothic';\"><span style=\"font-size: medium;\">Ahora que arrancamos con las variedades de la Lengua con los alumnos de 2\u00ba ESO nos podemos hacer una idea de la extensi\u00f3n del idioma, tanto en n\u00famero como en lugares donde se habla. Muchos millones de hispanohablantes que transforman cada d\u00eda el lenguaje, haciendo de la Lengua un ente vivo y en constante crecimiento.<\/span><\/span><\/p>\n<p style=\"text-align: justify;\"><span style=\"font-family: 'Century Gothic';\"><span style=\"font-size: medium;\">El pasado 23 de junio el Instituto Cervantes conmemor\u00f3 el d\u00eda E, el d\u00eda del espa\u00f1ol, haciendo un sondeo entre los hispanohablantes de su palabra favorita del castellano. Me gustar\u00eda lanzarles esta pregunta a mis alumnos, \u00bfcu\u00e1l es tu palabra favorita del espa\u00f1ol? \u00bfPor alg\u00fan motivo en especial? Aqu\u00ed os dejo uno de los v\u00eddeos que pod\u00e9is encontrar en la p\u00e1gina del Instituto Cervantes destinada a la conmemoraci\u00f3n de <a href=\"http:\/\/eldiae.es\/\" target=\"_blank\">El d\u00eda E<\/a>. A ver cu\u00e1ntos t\u00e9rminos conocemos a trav\u00e9s de los comentarios de esta entrada.<\/span><\/span><\/p>\n<p style=\"text-align: center;\">[embedplusvideo height=\u00bb388&#8243; width=\u00bb640&#8243; standard=\u00bbhttp:\/\/www.youtube.com\/v\/tI48hPtMeEU?fs=1&#8243; vars=\u00bbytid=tI48hPtMeEU&amp;width=640&amp;height=388&amp;start=&amp;stop=&amp;rs=w&amp;hd=0&amp;autoplay=0&amp;react=1&amp;chapters=&amp;notes=\u00bb id=\u00bbep3395&#8243; \/]<\/p>\n","protected":false},"excerpt":{"rendered":"<p>Ahora que arrancamos con las variedades de la Lengua con los alumnos de 2\u00ba ESO nos podemos hacer una idea de la extensi\u00f3n del idioma, tanto en n\u00famero como en lugares donde se habla. Muchos millones de hispanohablantes que transforman cada d\u00eda el lenguaje, haciendo de la Lengua un ente vivo y en constante crecimiento.<\/p>\n","protected":false},"author":1,"featured_media":0,"comment_status":"open","ping_status":"open","sticky":false,"template":"","format":"standard","meta":{"_monsterinsights_skip_tracking":false,"_monsterinsights_sitenote_active":false,"_monsterinsights_sitenote_note":"","_monsterinsights_sitenote_category":0},"categories":[3,4,5,64,6,1,9,11],"tags":[],"aioseo_notices":[],"_links":{"self":[{"href":"http:\/\/www.apuntesdelengua.com\/blog\/wp-json\/wp\/v2\/posts\/5876"}],"collection":[{"href":"http:\/\/www.apuntesdelengua.com\/blog\/wp-json\/wp\/v2\/posts"}],"about":[{"href":"http:\/\/www.apuntesdelengua.com\/blog\/wp-json\/wp\/v2\/types\/post"}],"author":[{"embeddable":true,"href":"http:\/\/www.apuntesdelengua.com\/blog\/wp-json\/wp\/v2\/users\/1"}],"replies":[{"embeddable":true,"href":"http:\/\/www.apuntesdelengua.com\/blog\/wp-json\/wp\/v2\/comments?post=5876"}],"version-history":[{"count":6,"href":"http:\/\/www.apuntesdelengua.com\/blog\/wp-json\/wp\/v2\/posts\/5876\/revisions"}],"predecessor-version":[{"id":5882,"href":"http:\/\/www.apuntesdelengua.com\/blog\/wp-json\/wp\/v2\/posts\/5876\/revisions\/5882"}],"wp:attachment":[{"href":"http:\/\/www.apuntesdelengua.com\/blog\/wp-json\/wp\/v2\/media?parent=5876"}],"wp:term":[{"taxonomy":"category","embeddable":true,"href":"http:\/\/www.apuntesdelengua.com\/blog\/wp-json\/wp\/v2\/categories?post=5876"},{"taxonomy":"post_tag","embeddable":true,"href":"http:\/\/www.apuntesdelengua.com\/blog\/wp-json\/wp\/v2\/tags?post=5876"}],"curies":[{"name":"wp","href":"https:\/\/api.w.org\/{rel}","templated":true}]}}