{"id":6944,"date":"2021-11-02T10:34:00","date_gmt":"2021-11-02T09:34:00","guid":{"rendered":"http:\/\/www.apuntesdelengua.com\/blog\/?p=6944"},"modified":"2022-05-02T10:50:49","modified_gmt":"2022-05-02T09:50:49","slug":"modismos-animales","status":"publish","type":"post","link":"http:\/\/www.apuntesdelengua.com\/blog\/modismos-animales\/","title":{"rendered":"Modismos animales"},"content":{"rendered":"\n<p>Seguro que alguna vez nos han dicho que <em>dormimos como un lir\u00f3n<\/em>, que tenemos <em>vista de \u00e1guila <\/em>o que, en su defecto, <em>no vemos tres en un burro. <\/em>Si lo nuestro es tener buena memoria, nos habr\u00e1n dicho que <em>tenemos memoria de elefante<\/em>, pero si es al rev\u00e9s, <em>tendremos memoria de pez<\/em>. <\/p>\n\n\n\n<figure class=\"wp-block-embed aligncenter is-type-rich is-provider-slideshare wp-block-embed-slideshare\"><div class=\"wp-block-embed__wrapper\">\n<iframe loading=\"lazy\" title=\"Modismos animales\" src=\"https:\/\/www.slideshare.net\/slideshow\/embed_code\/key\/5b9jyto8rCmNEd\" width=\"427\" height=\"356\" frameborder=\"0\" marginwidth=\"0\" marginheight=\"0\" scrolling=\"no\" style=\"border:1px solid #CCC; border-width:1px; margin-bottom:5px; max-width: 100%;\" allowfullscreen> <\/iframe> <div style=\"margin-bottom:5px\"> <strong> <a href=\"https:\/\/www.slideshare.net\/apuntesdelengua.com\/modismos-animales\" title=\"Modismos animales\" target=\"_blank\">Modismos animales<\/a> <\/strong> from <strong><a href=\"https:\/\/www.slideshare.net\/apuntesdelengua.com\" target=\"_blank\">Pep Hern\u00e1ndez<\/a><\/strong> <\/div>\n<\/div><\/figure>\n\n\n\n<p>Los modismos animales son aquellas expresiones idiom\u00e1ticas que tienen en su centro de articulaci\u00f3n al mundo animal. Con ellas destacamos cualidades positivas y negativas de la conducta humana, as\u00ed como de interacci\u00f3n con el mundo que nos rodea. A trav\u00e9s de esta presentaci\u00f3n comprobar\u00e1s tu nivel de conocimiento de alguna de las expresiones m\u00e1s utilizadas en castellano. <\/p>\n\n\n\n<p>Los perros y los gatos, son los grandes dominadores de la expresi\u00f3n. Al tratarse de los animales de compa\u00f1\u00eda m\u00e1s populares, tambi\u00e9n nos acompa\u00f1an sus modismos. Si nos llevamos mal con alguien, <em>nos llevamos como el perro y el gato; <\/em>si hay que afrontar una dificultad muy compleja, tendremos que <em>ponerle el cascabel al gato<\/em>; si conseguimos un objetivo que entra\u00f1a dificultad, <em>nos llevaremos el gato al agua. <\/em>Si alguien nos mira con mala cara, diremos que <em>nos mira con cara de perro <\/em>o <em>con muy malas pulgas. <\/em>Si somos astutos, nos dir\u00e1n que somos unos sabuesos&#8230; aunque tambi\u00e9n utilizamos otros modismos que nos permiten describir nuestro paso por el mundo.<\/p>\n\n\n\n<p>Cuando alguien se encuentra muy perdido, lo est\u00e1 <em>m\u00e1s que un pulpo en un garaje<\/em>. Cuando nos enfadamos, <em>nos mosqueamos<\/em>, pero si sospechamos, <em>tenemos la mosca detr\u00e1s de la oreja<\/em>; si alguien ofende con sus palabra, le detectamos que tiene <em>lengua viperina<\/em>, que no es lo mismo que <em>ser un v\u00edbora<\/em>, lo que denota mala condici\u00f3n de la persona. Si nos gusta mucho dormir, somos como <em>lirones o perezosos<\/em>, si hablamos sin sentido, somos <em>loros, papagayos, cacat\u00faas o cotorras<\/em>, los adolescentes viven pl\u00e1cidamente <em>en la edad del pavo, <\/em>quien es exc\u00e9ntrico <em>est\u00e1 como una cabra\/chota<\/em>; quien cuida de los ni\u00f1os es <em>una canguro<\/em>, y el de los mayores en las discotecas, <em>un gorila<\/em>; cuando nos enamoramos, <em>tenemos mariposas en el est\u00f3mago<\/em>&#8230; <\/p>\n\n\n\n<p>\u00bfCu\u00e1l de todas es tu favorita? \u00bfCu\u00e1l es parte de tu d\u00eda a d\u00eda? \u00bfCu\u00e1l a\u00f1adir\u00edas para una segunda entrega?<\/p>\n","protected":false},"excerpt":{"rendered":"<p>Seguro que alguna vez nos han dicho que dormimos como un lir\u00f3n, que tenemos vista de \u00e1guila o que, en su defecto, no vemos tres en un burro. Si lo nuestro es tener buena memoria, nos habr\u00e1n dicho que tenemos memoria de elefante, pero si es al rev\u00e9s, tendremos memoria de pez. Los modismos animales<\/p>\n","protected":false},"author":1,"featured_media":6947,"comment_status":"open","ping_status":"open","sticky":false,"template":"","format":"standard","meta":{"_monsterinsights_skip_tracking":false,"_monsterinsights_sitenote_active":false,"_monsterinsights_sitenote_note":"","_monsterinsights_sitenote_category":0},"categories":[3,4,5,6,9,149],"tags":[],"aioseo_notices":[],"_links":{"self":[{"href":"http:\/\/www.apuntesdelengua.com\/blog\/wp-json\/wp\/v2\/posts\/6944"}],"collection":[{"href":"http:\/\/www.apuntesdelengua.com\/blog\/wp-json\/wp\/v2\/posts"}],"about":[{"href":"http:\/\/www.apuntesdelengua.com\/blog\/wp-json\/wp\/v2\/types\/post"}],"author":[{"embeddable":true,"href":"http:\/\/www.apuntesdelengua.com\/blog\/wp-json\/wp\/v2\/users\/1"}],"replies":[{"embeddable":true,"href":"http:\/\/www.apuntesdelengua.com\/blog\/wp-json\/wp\/v2\/comments?post=6944"}],"version-history":[{"count":1,"href":"http:\/\/www.apuntesdelengua.com\/blog\/wp-json\/wp\/v2\/posts\/6944\/revisions"}],"predecessor-version":[{"id":6946,"href":"http:\/\/www.apuntesdelengua.com\/blog\/wp-json\/wp\/v2\/posts\/6944\/revisions\/6946"}],"wp:featuredmedia":[{"embeddable":true,"href":"http:\/\/www.apuntesdelengua.com\/blog\/wp-json\/wp\/v2\/media\/6947"}],"wp:attachment":[{"href":"http:\/\/www.apuntesdelengua.com\/blog\/wp-json\/wp\/v2\/media?parent=6944"}],"wp:term":[{"taxonomy":"category","embeddable":true,"href":"http:\/\/www.apuntesdelengua.com\/blog\/wp-json\/wp\/v2\/categories?post=6944"},{"taxonomy":"post_tag","embeddable":true,"href":"http:\/\/www.apuntesdelengua.com\/blog\/wp-json\/wp\/v2\/tags?post=6944"}],"curies":[{"name":"wp","href":"https:\/\/api.w.org\/{rel}","templated":true}]}}