{"id":6956,"date":"2025-02-25T00:39:00","date_gmt":"2025-02-24T23:39:00","guid":{"rendered":"http:\/\/www.apuntesdelengua.com\/blog\/?p=6956"},"modified":"2025-02-25T09:23:57","modified_gmt":"2025-02-25T08:23:57","slug":"formacion-en-castilla-y-leon","status":"publish","type":"post","link":"http:\/\/www.apuntesdelengua.com\/blog\/formacion-en-castilla-y-leon\/","title":{"rendered":"Formaci\u00f3n en Castilla y Le\u00f3n"},"content":{"rendered":"\n<p>El pr\u00f3ximo mes de marzo (a lo largo de tres tardes de marzo) el profesorado de Castilla y Le\u00f3n disfrutar\u00e1 del curso <em><a rel=\"noreferrer noopener\" href=\"https:\/\/reforacen.educa.jcyl.es\/convocatoria\/faces\/Ficha_1.jsp;jsessionid=DE94911CF64D51FD4626D2AEC66FEC2A?cfie=49700015&amp;actividad=87854\" target=\"_blank\">Lengua y Literatura con TIC<\/a><\/em> organizado por el <a rel=\"noreferrer noopener\" href=\"http:\/\/cfiebenavente.centros.educa.jcyl.es\/sitio\/index.cgi\" target=\"_blank\">CFIE de Benavente<\/a> (Zamora). En este curso, enmarcado dentro del Plan de Formaci\u00f3n Permanente del profesorado 2024-25, se abordar\u00e1n aspectos metodol\u00f3gicos y reflexivos de la pr\u00e1ctica docente en la utilizaci\u00f3n y potenciaci\u00f3n de herramientas TIC en el \u00e1rea de Lengua y Literatura. Un curso en l\u00ednea con una duraci\u00f3n de 10 horas con un enfoque muy pr\u00e1ctico y con propuestas para su implementaci\u00f3n directa en el aula. Las inscripciones se encuentran abiertas en el <a rel=\"noreferrer noopener\" href=\"https:\/\/reforacen.educa.jcyl.es\/inscripcionGeneral\/preIndex.xhtml\" target=\"_blank\">siguiente enlace<\/a> hasta completar el n\u00famero m\u00e1ximo de plazas. <\/p>\n\n\n\n<div class=\"wp-block-image is-style-default\"><figure class=\"aligncenter size-full is-resized\"><a href=\"http:\/\/cfiebenavente.centros.educa.jcyl.es\/sitio\/index.cgi\"><img loading=\"lazy\" src=\"http:\/\/www.apuntesdelengua.com\/blog\/wp-content\/uploads\/2025\/02\/image.png\" alt=\"\" class=\"wp-image-6957\" width=\"528\" height=\"288\" srcset=\"http:\/\/www.apuntesdelengua.com\/blog\/wp-content\/uploads\/2025\/02\/image.png 729w, http:\/\/www.apuntesdelengua.com\/blog\/wp-content\/uploads\/2025\/02\/image-300x163.png 300w\" sizes=\"(max-width: 528px) 100vw, 528px\" \/><\/a><\/figure><\/div>\n\n\n\n<p><\/p>\n","protected":false},"excerpt":{"rendered":"<p>El pr\u00f3ximo mes de marzo (a lo largo de tres tardes de marzo) el profesorado de Castilla y Le\u00f3n disfrutar\u00e1 del curso Lengua y Literatura con TIC organizado por el CFIE de Benavente (Zamora). En este curso, enmarcado dentro del Plan de Formaci\u00f3n Permanente del profesorado 2024-25, se abordar\u00e1n aspectos metodol\u00f3gicos y reflexivos de la<\/p>\n","protected":false},"author":1,"featured_media":6957,"comment_status":"closed","ping_status":"closed","sticky":false,"template":"","format":"standard","meta":{"_monsterinsights_skip_tracking":false,"_monsterinsights_sitenote_active":false,"_monsterinsights_sitenote_note":"","_monsterinsights_sitenote_category":0},"categories":[1],"tags":[],"aioseo_notices":[],"_links":{"self":[{"href":"http:\/\/www.apuntesdelengua.com\/blog\/wp-json\/wp\/v2\/posts\/6956"}],"collection":[{"href":"http:\/\/www.apuntesdelengua.com\/blog\/wp-json\/wp\/v2\/posts"}],"about":[{"href":"http:\/\/www.apuntesdelengua.com\/blog\/wp-json\/wp\/v2\/types\/post"}],"author":[{"embeddable":true,"href":"http:\/\/www.apuntesdelengua.com\/blog\/wp-json\/wp\/v2\/users\/1"}],"replies":[{"embeddable":true,"href":"http:\/\/www.apuntesdelengua.com\/blog\/wp-json\/wp\/v2\/comments?post=6956"}],"version-history":[{"count":2,"href":"http:\/\/www.apuntesdelengua.com\/blog\/wp-json\/wp\/v2\/posts\/6956\/revisions"}],"predecessor-version":[{"id":6959,"href":"http:\/\/www.apuntesdelengua.com\/blog\/wp-json\/wp\/v2\/posts\/6956\/revisions\/6959"}],"wp:featuredmedia":[{"embeddable":true,"href":"http:\/\/www.apuntesdelengua.com\/blog\/wp-json\/wp\/v2\/media\/6957"}],"wp:attachment":[{"href":"http:\/\/www.apuntesdelengua.com\/blog\/wp-json\/wp\/v2\/media?parent=6956"}],"wp:term":[{"taxonomy":"category","embeddable":true,"href":"http:\/\/www.apuntesdelengua.com\/blog\/wp-json\/wp\/v2\/categories?post=6956"},{"taxonomy":"post_tag","embeddable":true,"href":"http:\/\/www.apuntesdelengua.com\/blog\/wp-json\/wp\/v2\/tags?post=6956"}],"curies":[{"name":"wp","href":"https:\/\/api.w.org\/{rel}","templated":true}]}}